{"id":355,"date":"2022-09-26T19:02:30","date_gmt":"2022-09-26T19:02:30","guid":{"rendered":"https:\/\/www.teaterspira.se\/?p=355"},"modified":"2022-09-26T19:02:30","modified_gmt":"2022-09-26T19:02:30","slug":"stenhard-kritik-fran-elever-har-format-forestallningen-svek","status":"publish","type":"post","link":"https:\/\/www.teaterspira.se\/en\/stenhard-kritik-fran-elever-har-format-forestallningen-svek\/","title":{"rendered":"Stenh\u00e5rd kritik fr\u00e5n elever har format f\u00f6rest\u00e4llningen \u201dSvek\u201d"},"content":{"rendered":"<p><img src=\"https:\/\/www.teaterspira.se\/wp-content\/uploads\/2022\/09\/Svek.jpeg\" alt=\"Svek\" \/><\/p>\n<p>\u00c5ren 2019\u20132022 gjorde Teater Spiras dramatiker Jonas Fr\u00f6berg 100 skrivar- och manusworkshops med grundskoleklasser i V\u00e4stra G\u00f6talandsregionen. Klassen p\u00e5 Eklandaskolan i M\u00f6lndal gick i 4:an n\u00e4r de var med p\u00e5 Manustimmen, d\u00e5 Fr\u00f6berg gjorde manustr\u00e4ning med dem. I 5:an fick de kritisera den framv\u00e4xande pj\u00e4sen &#8220;Svek&#8221; vid tv\u00e5 readings. Deras kritik var \u00e4rlig och tr\u00e4ffande: Fr\u00f6berg skrev om! Nu i 6:an har de f\u00e5tt kritisera tv\u00e5 provf\u00f6rest\u00e4llningar med sk\u00e5despelare, rekvisita, kostym osv. Teater Spira har, igen, arbetat om efter deras kritik och bjuder som tack in till premi\u00e4r och fest den 4e oktober. <\/p>\n<p><strong>Publiksamtal varje g\u00e5ng<\/strong><br \/>\n&#8220;Svek&#8221; spelas upps\u00f6kande i elevernas klassrum. F\u00f6rest\u00e4llningen \u00e4r kort och efter\u00e5t blir det samtal. Alla elever i publiken ska f\u00e5 s\u00e4ga vad de k\u00e4nde, t\u00e4nkte eller undrade. Och alla ska f\u00e5 s\u00e4ga vad som var bra eller d\u00e5ligt i pj\u00e4sen. Allas r\u00f6st ska bli h\u00f6rda &#8211; d\u00e4rf\u00f6r arbetar Teater Spira med en liten publik.<\/p>\n<p><strong>Teman:<\/strong><br \/>\n\u2022 Att inte kunna sl\u00e5 tillbaka n\u00e4r lillasyrran sl\u00e5r en, f\u00f6r att hon \u00e4r s\u00e5 liten.<br \/>\n\u2022 Dofterna vi aldrig gl\u00f6mmer: lillasyrrans \u00e4ggpruttar \u2013 bensin \u2013 och mammas parfym!<br \/>\n\u2022 Hur \u00f6verlever man n\u00e4r det v\u00e4rsta h\u00e4nder, och pappa inte l\u00e4ngre finns?<\/p>\n<p><strong>Vidgat deltagande<\/strong><br \/>\n\u201dVi har m\u00e4rkt att n\u00e4r en pj\u00e4s blir f\u00f6r l\u00e5ng, och med f\u00f6r m\u00e5nga elever i lokalen, s\u00e5 orkar l\u00e4ttst\u00f6rda barn inte vara med. De kanske m\u00e5ste g\u00e5 ut. F\u00f6r oss handlar det om vidgat deltagande, att g\u00f6ra vad vi kan f\u00f6r att alla ska kunna delta fullt ut i b\u00e5de f\u00f6rest\u00e4llning och samtal. D\u00e4rf\u00f6r \u00e4r pj\u00e4sen kort, det \u00e4r en liten publik (halv- eller helklass) och det \u00e4r rast efter f\u00f6rest\u00e4llningen \u2013 sedan har vi samtalet! N\u00e4r vi har provat, har vi lyckats f\u00e5 med alla. Och d\u00e5 f\u00e5r alla bidra med sina funderingar. Det \u00e4r viktigt!\u201d s\u00e4ger Jonas Fr\u00f6berg.<\/p>\n<p><strong>Repetitioner p\u00e5 Konstepidemin<\/strong><br \/>\nRepetitioner och konstn\u00e4rlig utveckling har skett p\u00e5 Konstepidemin \u2013 regionens mest inspirerande arena f\u00f6r ny konst, musik och teater!<\/p>\n<p><strong>Regional turn\u00e9 2023<\/strong><br \/>\n2023 turnerar Teater Spira med &#8220;Svek&#8221; i V\u00e4stra G\u00f6taland.<\/p>\n<p><strong>Konstn\u00e4rer i &#8220;Svek&#8221;<\/strong><br \/>\n<strong>Sk\u00e5despelare:<\/strong><br \/>\n<strong>Bea:<\/strong> Emeli Jansson<br \/>\n<strong>Flora:<\/strong> Anette Sevreus<br \/>\n<strong>Scenografi och kostym:<\/strong> Karin och Per Ag\u00e9lii<br \/>\n<strong>Regi och manus:<\/strong> Jonas Fr\u00f6berg<\/p>\n<p><strong>Premi\u00e4r av Svek<\/strong><br \/>\nN\u00e4r: tisdagen 4\/10 kl 10\u201312<br \/>\nVar: Eklandaskolan i M\u00f6lndal.<br \/>\nF\u00f6ranm\u00e4lan kr\u00e4vs!<\/p>\n<p><strong>Bild<\/strong><br \/>\nSk\u00e5despelarna Anette Sevreus och Emeli Jansson och som Flora och Bea och i &#8220;Svek&#8221;. Foto: Per Ag\u00e9lii.<\/p>\n<p><strong>Kontakt<\/strong><br \/>\nTeater Spira, tfn: 0709\u2013850454<\/p>\n<p><strong>Ett samarbete mellan:<\/strong><br \/>\nEklandaskolan\/M\u00f6lndals Stad, Centrum f\u00f6r Dramatik och Konstepidemin.<\/p>\n<p><strong>Med st\u00f6d av:<\/strong><br \/>\n<img style=\"margin:0;padding:0;\" src=\"https:\/\/www.teaterspira.se\/wp-content\/uploads\/2022\/09\/gbg-vgr-kr-logos-1.png\" alt=\"St\u00f6d\" \/><\/p>\n","protected":false},"excerpt":{"rendered":"<p>\u00c5ren 2019\u20132022 gjorde Teater Spiras dramatiker Jonas Fr\u00f6berg 100 skrivar- och manusworkshops med grundskoleklasser i V\u00e4stra G\u00f6talandsregionen.<a style=\"padding-left: 5px; opacity: 0.5;\" href=\"https:\/\/www.teaterspira.se\/en\/stenhard-kritik-fran-elever-har-format-forestallningen-svek\/\">Read more<\/a><\/p>\n","protected":false},"author":1,"featured_media":361,"comment_status":"open","ping_status":"open","sticky":false,"template":"","format":"standard","meta":[],"categories":[9],"tags":[],"yoast_head":"<!-- This site is optimized with the Yoast SEO plugin v18.1 - https:\/\/yoast.com\/wordpress\/plugins\/seo\/ -->\n<meta name=\"robots\" content=\"index, follow, max-snippet:-1, max-image-preview:large, max-video-preview:-1\" \/>\n<link rel=\"canonical\" href=\"https:\/\/www.teaterspira.se\/stenhard-kritik-fran-elever-har-format-forestallningen-svek\/\" \/>\n<meta property=\"og:locale\" content=\"en_US\" \/>\n<meta property=\"og:type\" content=\"article\" \/>\n<meta property=\"og:title\" content=\"Stenh\u00e5rd kritik fr\u00e5n elever har format f\u00f6rest\u00e4llningen \u201dSvek\u201d - Teater Spira\" \/>\n<meta property=\"og:description\" content=\"\u00c5ren 2019\u20132022 gjorde Teater Spiras dramatiker Jonas Fr\u00f6berg 100 skrivar- och manusworkshops med grundskoleklasser i V\u00e4stra G\u00f6talandsregionen.L\u00e4s merRead more\" \/>\n<meta property=\"og:url\" content=\"https:\/\/www.teaterspira.se\/stenhard-kritik-fran-elever-har-format-forestallningen-svek\/\" \/>\n<meta property=\"og:site_name\" content=\"Teater Spira\" \/>\n<meta property=\"article:published_time\" content=\"2022-09-26T19:02:30+00:00\" \/>\n<meta property=\"og:image\" content=\"https:\/\/www.teaterspira.se\/wp-content\/uploads\/2022\/09\/Svek.jpeg\" \/>\n\t<meta property=\"og:image:width\" content=\"1680\" \/>\n\t<meta property=\"og:image:height\" content=\"1759\" \/>\n\t<meta property=\"og:image:type\" content=\"image\/jpeg\" \/>\n<meta name=\"twitter:card\" content=\"summary_large_image\" \/>\n<meta name=\"twitter:label1\" content=\"Written by\" \/>\n\t<meta name=\"twitter:data1\" content=\"admin\" \/>\n\t<meta name=\"twitter:label2\" content=\"Est. reading time\" \/>\n\t<meta name=\"twitter:data2\" content=\"2 minutes\" \/>\n<script type=\"application\/ld+json\" class=\"yoast-schema-graph\">{\"@context\":\"https:\/\/schema.org\",\"@graph\":[{\"@type\":\"WebSite\",\"@id\":\"https:\/\/www.teaterspira.se\/#website\",\"url\":\"https:\/\/www.teaterspira.se\/\",\"name\":\"Teater Spira\",\"description\":\"\",\"potentialAction\":[{\"@type\":\"SearchAction\",\"target\":{\"@type\":\"EntryPoint\",\"urlTemplate\":\"https:\/\/www.teaterspira.se\/?s={search_term_string}\"},\"query-input\":\"required name=search_term_string\"}],\"inLanguage\":\"en-US\"},{\"@type\":\"ImageObject\",\"@id\":\"https:\/\/www.teaterspira.se\/stenhard-kritik-fran-elever-har-format-forestallningen-svek\/#primaryimage\",\"inLanguage\":\"en-US\",\"url\":\"https:\/\/www.teaterspira.se\/wp-content\/uploads\/2022\/09\/Svek.jpeg\",\"contentUrl\":\"https:\/\/www.teaterspira.se\/wp-content\/uploads\/2022\/09\/Svek.jpeg\",\"width\":1680,\"height\":1759},{\"@type\":\"WebPage\",\"@id\":\"https:\/\/www.teaterspira.se\/stenhard-kritik-fran-elever-har-format-forestallningen-svek\/#webpage\",\"url\":\"https:\/\/www.teaterspira.se\/stenhard-kritik-fran-elever-har-format-forestallningen-svek\/\",\"name\":\"Stenh\u00e5rd kritik fr\u00e5n elever har format f\u00f6rest\u00e4llningen \u201dSvek\u201d - Teater Spira\",\"isPartOf\":{\"@id\":\"https:\/\/www.teaterspira.se\/#website\"},\"primaryImageOfPage\":{\"@id\":\"https:\/\/www.teaterspira.se\/stenhard-kritik-fran-elever-har-format-forestallningen-svek\/#primaryimage\"},\"datePublished\":\"2022-09-26T19:02:30+00:00\",\"dateModified\":\"2022-09-26T19:02:30+00:00\",\"author\":{\"@id\":\"https:\/\/www.teaterspira.se\/#\/schema\/person\/f7e5d1e3a7476397c20e15d0a84c061b\"},\"breadcrumb\":{\"@id\":\"https:\/\/www.teaterspira.se\/stenhard-kritik-fran-elever-har-format-forestallningen-svek\/#breadcrumb\"},\"inLanguage\":\"en-US\",\"potentialAction\":[{\"@type\":\"ReadAction\",\"target\":[\"https:\/\/www.teaterspira.se\/stenhard-kritik-fran-elever-har-format-forestallningen-svek\/\"]}]},{\"@type\":\"BreadcrumbList\",\"@id\":\"https:\/\/www.teaterspira.se\/stenhard-kritik-fran-elever-har-format-forestallningen-svek\/#breadcrumb\",\"itemListElement\":[{\"@type\":\"ListItem\",\"position\":1,\"name\":\"Hem\",\"item\":\"https:\/\/www.teaterspira.se\/\"},{\"@type\":\"ListItem\",\"position\":2,\"name\":\"Stenh\u00e5rd kritik fr\u00e5n elever har format f\u00f6rest\u00e4llningen \u201dSvek\u201d\"}]},{\"@type\":\"Person\",\"@id\":\"https:\/\/www.teaterspira.se\/#\/schema\/person\/f7e5d1e3a7476397c20e15d0a84c061b\",\"name\":\"admin\",\"image\":{\"@type\":\"ImageObject\",\"@id\":\"https:\/\/www.teaterspira.se\/#personlogo\",\"inLanguage\":\"en-US\",\"url\":\"https:\/\/secure.gravatar.com\/avatar\/c1792b0d23467180a96e48f22d78cfc4?s=96&d=mm&r=g\",\"contentUrl\":\"https:\/\/secure.gravatar.com\/avatar\/c1792b0d23467180a96e48f22d78cfc4?s=96&d=mm&r=g\",\"caption\":\"admin\"},\"url\":\"https:\/\/www.teaterspira.se\/en\/author\/admin\/\"}]}<\/script>\n<!-- \/ Yoast SEO plugin. -->","yoast_head_json":{"robots":{"index":"index","follow":"follow","max-snippet":"max-snippet:-1","max-image-preview":"max-image-preview:large","max-video-preview":"max-video-preview:-1"},"canonical":"https:\/\/www.teaterspira.se\/stenhard-kritik-fran-elever-har-format-forestallningen-svek\/","og_locale":"en_US","og_type":"article","og_title":"Stenh\u00e5rd kritik fr\u00e5n elever har format f\u00f6rest\u00e4llningen \u201dSvek\u201d - Teater Spira","og_description":"\u00c5ren 2019\u20132022 gjorde Teater Spiras dramatiker Jonas Fr\u00f6berg 100 skrivar- och manusworkshops med grundskoleklasser i V\u00e4stra G\u00f6talandsregionen.L\u00e4s merRead more","og_url":"https:\/\/www.teaterspira.se\/stenhard-kritik-fran-elever-har-format-forestallningen-svek\/","og_site_name":"Teater Spira","article_published_time":"2022-09-26T19:02:30+00:00","og_image":[{"width":1680,"height":1759,"url":"https:\/\/www.teaterspira.se\/wp-content\/uploads\/2022\/09\/Svek.jpeg","type":"image\/jpeg"}],"twitter_card":"summary_large_image","twitter_misc":{"Written by":"admin","Est. reading time":"2 minutes"},"schema":{"@context":"https:\/\/schema.org","@graph":[{"@type":"WebSite","@id":"https:\/\/www.teaterspira.se\/#website","url":"https:\/\/www.teaterspira.se\/","name":"Teater Spira","description":"","potentialAction":[{"@type":"SearchAction","target":{"@type":"EntryPoint","urlTemplate":"https:\/\/www.teaterspira.se\/?s={search_term_string}"},"query-input":"required name=search_term_string"}],"inLanguage":"en-US"},{"@type":"ImageObject","@id":"https:\/\/www.teaterspira.se\/stenhard-kritik-fran-elever-har-format-forestallningen-svek\/#primaryimage","inLanguage":"en-US","url":"https:\/\/www.teaterspira.se\/wp-content\/uploads\/2022\/09\/Svek.jpeg","contentUrl":"https:\/\/www.teaterspira.se\/wp-content\/uploads\/2022\/09\/Svek.jpeg","width":1680,"height":1759},{"@type":"WebPage","@id":"https:\/\/www.teaterspira.se\/stenhard-kritik-fran-elever-har-format-forestallningen-svek\/#webpage","url":"https:\/\/www.teaterspira.se\/stenhard-kritik-fran-elever-har-format-forestallningen-svek\/","name":"Stenh\u00e5rd kritik fr\u00e5n elever har format f\u00f6rest\u00e4llningen \u201dSvek\u201d - Teater Spira","isPartOf":{"@id":"https:\/\/www.teaterspira.se\/#website"},"primaryImageOfPage":{"@id":"https:\/\/www.teaterspira.se\/stenhard-kritik-fran-elever-har-format-forestallningen-svek\/#primaryimage"},"datePublished":"2022-09-26T19:02:30+00:00","dateModified":"2022-09-26T19:02:30+00:00","author":{"@id":"https:\/\/www.teaterspira.se\/#\/schema\/person\/f7e5d1e3a7476397c20e15d0a84c061b"},"breadcrumb":{"@id":"https:\/\/www.teaterspira.se\/stenhard-kritik-fran-elever-har-format-forestallningen-svek\/#breadcrumb"},"inLanguage":"en-US","potentialAction":[{"@type":"ReadAction","target":["https:\/\/www.teaterspira.se\/stenhard-kritik-fran-elever-har-format-forestallningen-svek\/"]}]},{"@type":"BreadcrumbList","@id":"https:\/\/www.teaterspira.se\/stenhard-kritik-fran-elever-har-format-forestallningen-svek\/#breadcrumb","itemListElement":[{"@type":"ListItem","position":1,"name":"Hem","item":"https:\/\/www.teaterspira.se\/"},{"@type":"ListItem","position":2,"name":"Stenh\u00e5rd kritik fr\u00e5n elever har format f\u00f6rest\u00e4llningen \u201dSvek\u201d"}]},{"@type":"Person","@id":"https:\/\/www.teaterspira.se\/#\/schema\/person\/f7e5d1e3a7476397c20e15d0a84c061b","name":"admin","image":{"@type":"ImageObject","@id":"https:\/\/www.teaterspira.se\/#personlogo","inLanguage":"en-US","url":"https:\/\/secure.gravatar.com\/avatar\/c1792b0d23467180a96e48f22d78cfc4?s=96&d=mm&r=g","contentUrl":"https:\/\/secure.gravatar.com\/avatar\/c1792b0d23467180a96e48f22d78cfc4?s=96&d=mm&r=g","caption":"admin"},"url":"https:\/\/www.teaterspira.se\/en\/author\/admin\/"}]}},"_links":{"self":[{"href":"https:\/\/www.teaterspira.se\/en\/wp-json\/wp\/v2\/posts\/355"}],"collection":[{"href":"https:\/\/www.teaterspira.se\/en\/wp-json\/wp\/v2\/posts"}],"about":[{"href":"https:\/\/www.teaterspira.se\/en\/wp-json\/wp\/v2\/types\/post"}],"author":[{"embeddable":true,"href":"https:\/\/www.teaterspira.se\/en\/wp-json\/wp\/v2\/users\/1"}],"replies":[{"embeddable":true,"href":"https:\/\/www.teaterspira.se\/en\/wp-json\/wp\/v2\/comments?post=355"}],"version-history":[{"count":7,"href":"https:\/\/www.teaterspira.se\/en\/wp-json\/wp\/v2\/posts\/355\/revisions"}],"predecessor-version":[{"id":364,"href":"https:\/\/www.teaterspira.se\/en\/wp-json\/wp\/v2\/posts\/355\/revisions\/364"}],"wp:featuredmedia":[{"embeddable":true,"href":"https:\/\/www.teaterspira.se\/en\/wp-json\/wp\/v2\/media\/361"}],"wp:attachment":[{"href":"https:\/\/www.teaterspira.se\/en\/wp-json\/wp\/v2\/media?parent=355"}],"wp:term":[{"taxonomy":"category","embeddable":true,"href":"https:\/\/www.teaterspira.se\/en\/wp-json\/wp\/v2\/categories?post=355"},{"taxonomy":"post_tag","embeddable":true,"href":"https:\/\/www.teaterspira.se\/en\/wp-json\/wp\/v2\/tags?post=355"}],"curies":[{"name":"wp","href":"https:\/\/api.w.org\/{rel}","templated":true}]}}