{"id":379,"date":"2022-11-25T15:17:21","date_gmt":"2022-11-25T15:17:21","guid":{"rendered":"https:\/\/www.teaterspira.se\/?p=379"},"modified":"2022-11-25T15:17:21","modified_gmt":"2022-11-25T15:17:21","slug":"sambolagen-pa-konstepidemin","status":"publish","type":"post","link":"https:\/\/www.teaterspira.se\/en\/sambolagen-pa-konstepidemin\/","title":{"rendered":"Sambolagen p\u00e5 Konstepidemin"},"content":{"rendered":"<p><img src=\"https:\/\/www.teaterspira.se\/wp-content\/uploads\/2022\/11\/sambolagen.jpg\" alt=\"sambolagen\" class=\"alignnone size-full wp-image-367\" style=\"width:100%\" \/><\/p>\n<p>S\u00f6ndagen 27 november kommer en iscensatt l\u00e4sning av pj\u00e4sen Sambolagen att genomf\u00f6ras av sk\u00e5despelarna Karin de Frumerie, Krister Kern och Nina Haber. L\u00e4sningen regisseras av Emilie Strandberg. D\u00e4refter kommer dramaturgen Lisa Lind\u00e9n att leda ett samtal mellan dramatikern Stefan Larsson och kritikern Mikaela Blomqvist om pj\u00e4sen.<\/p>\n<p><strong>Presentation<\/strong><\/p>\n<p>En del teaterpj\u00e4ser fastnar p\u00e5 v\u00e4gen. Det kan vara p\u00e5 grund av att de \u00e4r of\u00e4rdiga eller skrivna p\u00e5 ett s\u00e4tt som g\u00f6r att de inte f\u00e5r plats inom teaterns ramar. Sambolagen \u00e4r kanske en s\u00e5dan pj\u00e4s. F\u00f6r 10 \u00e5r sedan l\u00e4stes pj\u00e4sen av sk\u00e5despelare inf\u00f6r publik p\u00e5 Dramalabbet i Stockholm och efter det p\u00e5f\u00f6ljande publiksamtalet var k\u00e4nslan att det kanske skulle kunna h\u00e4nda n\u00e5got mer med pj\u00e4sen. Pj\u00e4sen skickades till n\u00e5gra teatrar och n\u00e5gra svarade trevligt. N\u00e5gon var f\u00f6rbryllad och undrade om det var en realistisk pj\u00e4s eller en f\u00f6rh\u00f6jd pj\u00e4s eller n\u00e5nstans mittemellan. N\u00e5gon undrade om det inte kunde finnas mer k\u00e4rlek i pj\u00e4sen. N\u00e5gon annan undrade om den inte skulle kunna skildra bostadsmarknaden f\u00f6r unga mer ing\u00e5ende.  <\/p>\n<p>Pj\u00e4sen blev inte spelad och dramatikern k\u00e4nde sig snuvad: Var det ingen som brydde sig om den h\u00e4r pj\u00e4sen? Efter ett tag fick dramatikern en ingivelse: t\u00e4nk om pj\u00e4sen kunde spelas utan en teater, hemma hos publiken. D\u00e5 beh\u00f6vdes inte ett godk\u00e4nnande av en teater. En ans\u00f6kan om projektst\u00f6d gjordes till G\u00f6teborgs Stads kulturf\u00f6rvaltning och alla insiktsfulla refuseringsbrev fr\u00e5n teatrar var med i ans\u00f6kan f\u00f6r att visa att pj\u00e4sen hade v\u00e4ckt en del olika reaktioner. Pj\u00e4sen beviljades ov\u00e4ntat projektst\u00f6d. Regiss\u00f6r och sk\u00e5despelare anlitades och planen var att spela pj\u00e4sen hemma hos publiken. Men projektet fick l\u00e4ggas ner p\u00e5 grund av pandemin och pj\u00e4sen hamnade i tr\u00e4da. <\/p>\n<p>F\u00f6r att inte ge upp alla dr\u00f6mmar efter denna motg\u00e5ng kom dramatikern p\u00e5 id\u00e9n att anlita sk\u00e5despelare och regiss\u00f6r till en iscensatt l\u00e4sning av pj\u00e4sen p\u00e5 Konstepidemin f\u00f6r att ge pj\u00e4sen en ny chans att m\u00f6ta en publik. Sk\u00e5despelarna Karin de Frumerie, Krister Kern och Nina Haber har tackat ja till att l\u00e4sa rollerna och Emilie Strandberg har tagit p\u00e5 sig ansvaret att regissera l\u00e4sningen. Efter den iscensatta l\u00e4sningen kommer dramaturgen Lisa Lind\u00e9n att vara moderator f\u00f6r ett samtal mellan kritikern Mikaela Blomqvist och dramatikern om pj\u00e4sen. <\/p>\n<p>Varmt v\u00e4lkomna!<\/p>\n<p>Stefan Larsson<br \/>\n<em>dramatiker, Sambolagen<\/em><\/p>\n<p><strong>Handlingen i pj\u00e4sen Sambolagen<\/strong><br \/>\nJorun och Valter bor tillsammans i en l\u00e4genhet. Jorun har lagt sig under k\u00f6ksbordet medan Valter sorterar om i k\u00f6kssk\u00e5pen f\u00f6r att skapa ordning. Maten h\u00e5ller p\u00e5 att ta slut eftersom ingen handlar eller kommer med matkassar l\u00e4ngre. N\u00e4r en tidigare inneboende i l\u00e4genheten dyker upp uppst\u00e5r en maktkamp med oviss utg\u00e5ng.<\/p>\n<p><strong>Om dramatikern<\/strong><br \/>\nStefan Larsson \u00e4r manusf\u00f6rfattare\/dramatiker fr\u00e5n G\u00f6teborg. Han har tidigare skrivit pj\u00e4sen Tresteg som sattes upp p\u00e5 Regionteatern Blekinge Kronoberg och turnerade med Riksteatern. Pj\u00e4sen blev uttagen till BIBU och vann f\u00f6rsta pris i Barnteaterakademins manust\u00e4vling. Han har \u00e4ven skrivit monologen Jag \u00e4r Angela Adler som hade premi\u00e4r p\u00e5 Skillinge teater. Stefan Larsson har skrivit barnboken Min bror Roger som \u00e4r utgiven p\u00e5 Lindskog f\u00f6rlag.  <\/p>\n<p><strong>Medverkande<\/strong><br \/>\n<strong>Karin de Frumerie:<\/strong> sk\u00e5despelare<br \/>\n<strong>Krister Kern:<\/strong> sk\u00e5despelare<br \/>\n<strong>Nina Haber:<\/strong> sk\u00e5despelare<br \/>\n<strong>Emilie Strandberg:<\/strong> regiss\u00f6r<br \/>\n<strong>Lisa Lind\u00e9n:<\/strong> moderator<br \/>\n<strong>Mikaela Blomqvist:<\/strong> kritiker<br \/>\n<strong>Stefan Larsson:<\/strong> dramatiker<\/p>\n<p><strong>Antal platser<\/strong><br \/>\nDet kommer att finnas 40 publikplatser i lokalen.<\/p>\n<p><strong>Tid och plats<\/strong><br \/>\nS\u00f6ndagen 27 november kl. 15-18 i Gr\u00f6na rummet p\u00e5 Konstepidemin (i Bl\u00e5 Huset). <\/p>\n<p><strong>Pris<\/strong><br \/>\n50 kr. Adventsfika ing\u00e5r i priset.<br \/>\nBokning och betalning sker via Swish.<\/p>\n<div style=\"text-align: center; margin: 2rem;\"><a href=\"https:\/\/app.swish.nu\/1\/p\/sw\/?sw=0732045536&#038;amt=50&#038;cur=SEK&#038;msg=Sambolagen&#038;src=qr\" target=\"_blank\" rel=\"noopener\"><img src=\"https:\/\/www.teaterspira.se\/wp-content\/uploads\/2022\/11\/sambolagen-swish.png\" alt=\"\" width=\"\" class=\"\" style=\"max-width: 260px; margin:0;\" \/><\/a><\/div>\n<p>Arrangemanget anordnas med projektst\u00f6d fr\u00e5n G\u00f6teborgs Stads kulturf\u00f6rvaltning.<br \/>\nVi samverkar med V\u00e4stra G\u00f6talandsregionen och Sensus studief\u00f6rbund.<\/p>\n<div class=\"logo-grid grid-cols-3 justify-items-center\">\n<img src=\"https:\/\/www.teaterspira.se\/wp-content\/uploads\/2022\/11\/goteborgsstad.png\" alt=\"\" style=\"max-height:38px;\" \/><img src=\"https:\/\/www.teaterspira.se\/wp-content\/uploads\/2022\/11\/vgr-logo.png\" alt=\"\" style=\"max-height:38px;\" \/><img src=\"https:\/\/www.teaterspira.se\/wp-content\/uploads\/2022\/11\/sensus.png\" alt=\"sensus\" style=\"max-height:26px;\"\/>\n<\/div>\n<p>Arrang\u00f6r \u00e4r Gulden Storia i samarbete med Teater Spira.<br \/>\nF\u00f6r mer information: <a href=\"mailto:stefan@gulden.se\">stefan@gulden.se<\/a><\/p>\n<div class=\"logo-grid grid-cols-2 items-end justify-items-center\">\n<img src=\"https:\/\/www.teaterspira.se\/wp-content\/uploads\/2022\/11\/gulden-storia.png\" style=\"max-height: 80px;\"\/><img src=\"https:\/\/www.teaterspira.se\/wp-content\/uploads\/2022\/09\/teater-spira.png\" style=\"margin-bottom: 10px; max-height: 40px;\"\/>\n<\/div>\n","protected":false},"excerpt":{"rendered":"<p>S\u00f6ndagen 27 november kommer en iscensatt l\u00e4sning av pj\u00e4sen Sambolagen att genomf\u00f6ras av sk\u00e5despelarna Karin de Frumerie,<a style=\"padding-left: 5px; opacity: 0.5;\" href=\"https:\/\/www.teaterspira.se\/en\/sambolagen-pa-konstepidemin\/\">Read more<\/a><\/p>\n","protected":false},"author":1,"featured_media":433,"comment_status":"open","ping_status":"open","sticky":false,"template":"","format":"standard","meta":[],"categories":[1],"tags":[],"yoast_head":"<!-- This site is optimized with the Yoast SEO plugin v18.1 - https:\/\/yoast.com\/wordpress\/plugins\/seo\/ -->\n<meta name=\"robots\" content=\"index, follow, max-snippet:-1, max-image-preview:large, max-video-preview:-1\" \/>\n<link rel=\"canonical\" href=\"https:\/\/www.teaterspira.se\/sambolagen-pa-konstepidemin\/\" \/>\n<meta property=\"og:locale\" content=\"en_US\" \/>\n<meta property=\"og:type\" content=\"article\" \/>\n<meta property=\"og:title\" content=\"Sambolagen p\u00e5 Konstepidemin - Teater Spira\" \/>\n<meta property=\"og:description\" content=\"S\u00f6ndagen 27 november kommer en iscensatt l\u00e4sning av pj\u00e4sen Sambolagen att genomf\u00f6ras av sk\u00e5despelarna Karin de Frumerie,L\u00e4s merRead more\" \/>\n<meta property=\"og:url\" content=\"https:\/\/www.teaterspira.se\/sambolagen-pa-konstepidemin\/\" \/>\n<meta property=\"og:site_name\" content=\"Teater Spira\" \/>\n<meta property=\"article:published_time\" content=\"2022-11-25T15:17:21+00:00\" \/>\n<meta property=\"og:image\" content=\"https:\/\/www.teaterspira.se\/wp-content\/uploads\/2022\/11\/sambolagen.jpg\" \/>\n\t<meta property=\"og:image:width\" content=\"1390\" \/>\n\t<meta property=\"og:image:height\" content=\"1136\" \/>\n\t<meta property=\"og:image:type\" content=\"image\/jpeg\" \/>\n<meta name=\"twitter:card\" content=\"summary_large_image\" \/>\n<meta name=\"twitter:label1\" content=\"Written by\" \/>\n\t<meta name=\"twitter:data1\" content=\"admin\" \/>\n\t<meta name=\"twitter:label2\" content=\"Est. reading time\" \/>\n\t<meta name=\"twitter:data2\" content=\"4 minutes\" \/>\n<script type=\"application\/ld+json\" class=\"yoast-schema-graph\">{\"@context\":\"https:\/\/schema.org\",\"@graph\":[{\"@type\":\"WebSite\",\"@id\":\"https:\/\/www.teaterspira.se\/#website\",\"url\":\"https:\/\/www.teaterspira.se\/\",\"name\":\"Teater Spira\",\"description\":\"\",\"potentialAction\":[{\"@type\":\"SearchAction\",\"target\":{\"@type\":\"EntryPoint\",\"urlTemplate\":\"https:\/\/www.teaterspira.se\/?s={search_term_string}\"},\"query-input\":\"required name=search_term_string\"}],\"inLanguage\":\"en-US\"},{\"@type\":\"ImageObject\",\"@id\":\"https:\/\/www.teaterspira.se\/sambolagen-pa-konstepidemin\/#primaryimage\",\"inLanguage\":\"en-US\",\"url\":\"https:\/\/www.teaterspira.se\/wp-content\/uploads\/2022\/11\/sambolagen.jpg\",\"contentUrl\":\"https:\/\/www.teaterspira.se\/wp-content\/uploads\/2022\/11\/sambolagen.jpg\",\"width\":1390,\"height\":1136},{\"@type\":\"WebPage\",\"@id\":\"https:\/\/www.teaterspira.se\/sambolagen-pa-konstepidemin\/#webpage\",\"url\":\"https:\/\/www.teaterspira.se\/sambolagen-pa-konstepidemin\/\",\"name\":\"Sambolagen p\u00e5 Konstepidemin - Teater Spira\",\"isPartOf\":{\"@id\":\"https:\/\/www.teaterspira.se\/#website\"},\"primaryImageOfPage\":{\"@id\":\"https:\/\/www.teaterspira.se\/sambolagen-pa-konstepidemin\/#primaryimage\"},\"datePublished\":\"2022-11-25T15:17:21+00:00\",\"dateModified\":\"2022-11-25T15:17:21+00:00\",\"author\":{\"@id\":\"https:\/\/www.teaterspira.se\/#\/schema\/person\/f7e5d1e3a7476397c20e15d0a84c061b\"},\"breadcrumb\":{\"@id\":\"https:\/\/www.teaterspira.se\/sambolagen-pa-konstepidemin\/#breadcrumb\"},\"inLanguage\":\"en-US\",\"potentialAction\":[{\"@type\":\"ReadAction\",\"target\":[\"https:\/\/www.teaterspira.se\/sambolagen-pa-konstepidemin\/\"]}]},{\"@type\":\"BreadcrumbList\",\"@id\":\"https:\/\/www.teaterspira.se\/sambolagen-pa-konstepidemin\/#breadcrumb\",\"itemListElement\":[{\"@type\":\"ListItem\",\"position\":1,\"name\":\"Hem\",\"item\":\"https:\/\/www.teaterspira.se\/\"},{\"@type\":\"ListItem\",\"position\":2,\"name\":\"Sambolagen p\u00e5 Konstepidemin\"}]},{\"@type\":\"Person\",\"@id\":\"https:\/\/www.teaterspira.se\/#\/schema\/person\/f7e5d1e3a7476397c20e15d0a84c061b\",\"name\":\"admin\",\"image\":{\"@type\":\"ImageObject\",\"@id\":\"https:\/\/www.teaterspira.se\/#personlogo\",\"inLanguage\":\"en-US\",\"url\":\"https:\/\/secure.gravatar.com\/avatar\/c1792b0d23467180a96e48f22d78cfc4?s=96&d=mm&r=g\",\"contentUrl\":\"https:\/\/secure.gravatar.com\/avatar\/c1792b0d23467180a96e48f22d78cfc4?s=96&d=mm&r=g\",\"caption\":\"admin\"},\"url\":\"https:\/\/www.teaterspira.se\/en\/author\/admin\/\"}]}<\/script>\n<!-- \/ Yoast SEO plugin. -->","yoast_head_json":{"robots":{"index":"index","follow":"follow","max-snippet":"max-snippet:-1","max-image-preview":"max-image-preview:large","max-video-preview":"max-video-preview:-1"},"canonical":"https:\/\/www.teaterspira.se\/sambolagen-pa-konstepidemin\/","og_locale":"en_US","og_type":"article","og_title":"Sambolagen p\u00e5 Konstepidemin - Teater Spira","og_description":"S\u00f6ndagen 27 november kommer en iscensatt l\u00e4sning av pj\u00e4sen Sambolagen att genomf\u00f6ras av sk\u00e5despelarna Karin de Frumerie,L\u00e4s merRead more","og_url":"https:\/\/www.teaterspira.se\/sambolagen-pa-konstepidemin\/","og_site_name":"Teater Spira","article_published_time":"2022-11-25T15:17:21+00:00","og_image":[{"width":1390,"height":1136,"url":"https:\/\/www.teaterspira.se\/wp-content\/uploads\/2022\/11\/sambolagen.jpg","type":"image\/jpeg"}],"twitter_card":"summary_large_image","twitter_misc":{"Written by":"admin","Est. reading time":"4 minutes"},"schema":{"@context":"https:\/\/schema.org","@graph":[{"@type":"WebSite","@id":"https:\/\/www.teaterspira.se\/#website","url":"https:\/\/www.teaterspira.se\/","name":"Teater Spira","description":"","potentialAction":[{"@type":"SearchAction","target":{"@type":"EntryPoint","urlTemplate":"https:\/\/www.teaterspira.se\/?s={search_term_string}"},"query-input":"required name=search_term_string"}],"inLanguage":"en-US"},{"@type":"ImageObject","@id":"https:\/\/www.teaterspira.se\/sambolagen-pa-konstepidemin\/#primaryimage","inLanguage":"en-US","url":"https:\/\/www.teaterspira.se\/wp-content\/uploads\/2022\/11\/sambolagen.jpg","contentUrl":"https:\/\/www.teaterspira.se\/wp-content\/uploads\/2022\/11\/sambolagen.jpg","width":1390,"height":1136},{"@type":"WebPage","@id":"https:\/\/www.teaterspira.se\/sambolagen-pa-konstepidemin\/#webpage","url":"https:\/\/www.teaterspira.se\/sambolagen-pa-konstepidemin\/","name":"Sambolagen p\u00e5 Konstepidemin - Teater Spira","isPartOf":{"@id":"https:\/\/www.teaterspira.se\/#website"},"primaryImageOfPage":{"@id":"https:\/\/www.teaterspira.se\/sambolagen-pa-konstepidemin\/#primaryimage"},"datePublished":"2022-11-25T15:17:21+00:00","dateModified":"2022-11-25T15:17:21+00:00","author":{"@id":"https:\/\/www.teaterspira.se\/#\/schema\/person\/f7e5d1e3a7476397c20e15d0a84c061b"},"breadcrumb":{"@id":"https:\/\/www.teaterspira.se\/sambolagen-pa-konstepidemin\/#breadcrumb"},"inLanguage":"en-US","potentialAction":[{"@type":"ReadAction","target":["https:\/\/www.teaterspira.se\/sambolagen-pa-konstepidemin\/"]}]},{"@type":"BreadcrumbList","@id":"https:\/\/www.teaterspira.se\/sambolagen-pa-konstepidemin\/#breadcrumb","itemListElement":[{"@type":"ListItem","position":1,"name":"Hem","item":"https:\/\/www.teaterspira.se\/"},{"@type":"ListItem","position":2,"name":"Sambolagen p\u00e5 Konstepidemin"}]},{"@type":"Person","@id":"https:\/\/www.teaterspira.se\/#\/schema\/person\/f7e5d1e3a7476397c20e15d0a84c061b","name":"admin","image":{"@type":"ImageObject","@id":"https:\/\/www.teaterspira.se\/#personlogo","inLanguage":"en-US","url":"https:\/\/secure.gravatar.com\/avatar\/c1792b0d23467180a96e48f22d78cfc4?s=96&d=mm&r=g","contentUrl":"https:\/\/secure.gravatar.com\/avatar\/c1792b0d23467180a96e48f22d78cfc4?s=96&d=mm&r=g","caption":"admin"},"url":"https:\/\/www.teaterspira.se\/en\/author\/admin\/"}]}},"_links":{"self":[{"href":"https:\/\/www.teaterspira.se\/en\/wp-json\/wp\/v2\/posts\/379"}],"collection":[{"href":"https:\/\/www.teaterspira.se\/en\/wp-json\/wp\/v2\/posts"}],"about":[{"href":"https:\/\/www.teaterspira.se\/en\/wp-json\/wp\/v2\/types\/post"}],"author":[{"embeddable":true,"href":"https:\/\/www.teaterspira.se\/en\/wp-json\/wp\/v2\/users\/1"}],"replies":[{"embeddable":true,"href":"https:\/\/www.teaterspira.se\/en\/wp-json\/wp\/v2\/comments?post=379"}],"version-history":[{"count":39,"href":"https:\/\/www.teaterspira.se\/en\/wp-json\/wp\/v2\/posts\/379\/revisions"}],"predecessor-version":[{"id":434,"href":"https:\/\/www.teaterspira.se\/en\/wp-json\/wp\/v2\/posts\/379\/revisions\/434"}],"wp:featuredmedia":[{"embeddable":true,"href":"https:\/\/www.teaterspira.se\/en\/wp-json\/wp\/v2\/media\/433"}],"wp:attachment":[{"href":"https:\/\/www.teaterspira.se\/en\/wp-json\/wp\/v2\/media?parent=379"}],"wp:term":[{"taxonomy":"category","embeddable":true,"href":"https:\/\/www.teaterspira.se\/en\/wp-json\/wp\/v2\/categories?post=379"},{"taxonomy":"post_tag","embeddable":true,"href":"https:\/\/www.teaterspira.se\/en\/wp-json\/wp\/v2\/tags?post=379"}],"curies":[{"name":"wp","href":"https:\/\/api.w.org\/{rel}","templated":true}]}}